{"id":5686,"date":"2026-05-01T08:31:36","date_gmt":"2026-05-01T07:31:36","guid":{"rendered":"https:\/\/www.telkos.net\/meta-rrezikon-gjobe-nga-be-ja\/"},"modified":"2026-05-01T08:31:36","modified_gmt":"2026-05-01T07:31:36","slug":"meta-rrezikon-gjobe-nga-be-ja","status":"publish","type":"post","link":"https:\/\/www.telkos.net\/en\/meta-rrezikon-gjobe-nga-be-ja\/","title":{"rendered":"Meta rrezikon gjob\u00eb nga BE-ja!"},"content":{"rendered":"<p>eta po shkel ligjin e Bashkimit Evropian duke mos i penguar f\u00ebmij\u00ebt n\u00ebn 13 vje\u00e7 t\u00eb p\u00ebrdorin platformat e saj t\u00eb mediave sociale Instagram dhe Facebook, sipas nj\u00eb gjetjeje paraprake nga Komisioni Evropian dhe potencialisht mund t\u00eb p\u00ebrballet me nj\u00eb gjob\u00eb t\u00eb madhe.<\/p>\n<p>Kushtet e p\u00ebrgjithshme t\u00eb Met\u00ebs tregojn\u00eb se sh\u00ebrbimet e tyre nuk jan\u00eb t\u00eb destinuara p\u00ebr t\u00eb mitur n\u00ebn 13 vje\u00e7. Megjithat\u00eb, gjetjet tona paraprake tregojn\u00eb se Instagram dhe Facebook po b\u00ebjn\u00eb shum\u00eb pak p\u00ebr t\u00eb parandaluar f\u00ebmij\u00ebt n\u00ebn k\u00ebt\u00eb mosh\u00eb t\u00eb hyjn\u00eb n\u00eb sh\u00ebrbimet e tyre, u shpreh z\u00ebvend\u00ebspresidentja e Komisionit Evropian, Henna Virkkunen.<\/p>\n<p>Masat q\u00eb jan\u00eb aktualisht n\u00eb fuqi p\u00ebr t\u00eb parandaluar t\u00eb miturit n\u00ebn mosh\u00ebn 13 vje\u00e7 t\u00eb hyjn\u00eb n\u00eb platforma, si dhe ato q\u00eb synojn\u00eb t\u00eb identifikojn\u00eb p\u00ebrdoruesit e mitur dhe t\u2019i largojn\u00eb ata, duket se nuk jan\u00eb efektive, tha komisioni.<\/p>\n<p>Gjiganti amerikan i teknologjis\u00eb tani mund t\u2019i p\u00ebrgjigjet akuzave t\u00eb komisionit dhe potencialisht t\u00eb prezantoj\u00eb ndryshime.<\/p>\n<p>N\u00ebse gjetjet e komisionit konfirmohen p\u00ebrfundimisht, Meta mund t\u00eb p\u00ebrballet me nj\u00eb gjob\u00eb deri n\u00eb 6% t\u00eb xhiros s\u00eb saj totale vjetore n\u00eb t\u00eb gjith\u00eb bot\u00ebn.<\/p>\n<p>The post <a href=\"https:\/\/teve1.info\/meta-rrezikon-gjobe-nga-be-ja\/\">Meta rrezikon gjob\u00eb nga BE-ja!<\/a> appeared first on <a href=\"https:\/\/teve1.info\/\">T\u00cbV\u00cb 1 &#8211; Lexoje t\u00eb v\u00ebrtet\u00ebn!<\/a>.<\/p>","protected":false},"excerpt":{"rendered":"<p>eta po shkel ligjin e Bashkimit Evropian duke mos i penguar f\u00ebmij\u00ebt n\u00ebn 13 vje\u00e7 t\u00eb p\u00ebrdorin platformat e saj t\u00eb mediave sociale Instagram dhe Facebook, sipas nj\u00eb gjetjeje paraprake nga Komisioni Evropian dhe potencialisht mund t\u00eb p\u00ebrballet me nj\u00eb gjob\u00eb t\u00eb madhe. Kushtet e p\u00ebrgjithshme t\u00eb Met\u00ebs tregojn\u00eb se sh\u00ebrbimet e tyre nuk jan\u00eb [&hellip;]<\/p>\n","protected":false},"author":2,"featured_media":5687,"comment_status":"closed","ping_status":"closed","sticky":false,"template":"","format":"standard","meta":{"footnotes":""},"categories":[1],"tags":[],"class_list":["post-5686","post","type-post","status-publish","format-standard","has-post-thumbnail","hentry","category-njoftime"],"yoast_head":"<!-- This site is optimized with the Yoast SEO plugin v26.7 - https:\/\/yoast.com\/wordpress\/plugins\/seo\/ -->\n<title>Meta rrezikon gjob\u00eb nga BE-ja! - Telkos.net<\/title>\n<meta name=\"robots\" content=\"index, follow, max-snippet:-1, max-image-preview:large, max-video-preview:-1\" \/>\n<link rel=\"canonical\" href=\"https:\/\/www.telkos.net\/en\/meta-rrezikon-gjobe-nga-be-ja\/\" \/>\n<meta property=\"og:locale\" content=\"en_US\" \/>\n<meta property=\"og:type\" content=\"article\" \/>\n<meta property=\"og:title\" content=\"Meta rrezikon gjob\u00eb nga BE-ja! - Telkos.net\" \/>\n<meta property=\"og:description\" content=\"eta po shkel ligjin e Bashkimit Evropian duke mos i penguar f\u00ebmij\u00ebt n\u00ebn 13 vje\u00e7 t\u00eb p\u00ebrdorin platformat e saj t\u00eb mediave sociale Instagram dhe Facebook, sipas nj\u00eb gjetjeje paraprake nga Komisioni Evropian dhe potencialisht mund t\u00eb p\u00ebrballet me nj\u00eb gjob\u00eb t\u00eb madhe. Kushtet e p\u00ebrgjithshme t\u00eb Met\u00ebs tregojn\u00eb se sh\u00ebrbimet e tyre nuk jan\u00eb [&hellip;]\" \/>\n<meta property=\"og:url\" content=\"https:\/\/www.telkos.net\/en\/meta-rrezikon-gjobe-nga-be-ja\/\" \/>\n<meta property=\"og:site_name\" content=\"Telkos.net\" \/>\n<meta property=\"article:published_time\" content=\"2026-05-01T07:31:36+00:00\" \/>\n<meta name=\"author\" content=\"TelKos\" \/>\n<meta name=\"twitter:card\" content=\"summary_large_image\" \/>\n<meta name=\"twitter:label1\" content=\"Written by\" \/>\n\t<meta name=\"twitter:data1\" content=\"TelKos\" \/>\n\t<meta name=\"twitter:label2\" content=\"Est. reading time\" \/>\n\t<meta name=\"twitter:data2\" content=\"1 minute\" \/>\n<script type=\"application\/ld+json\" class=\"yoast-schema-graph\">{\"@context\":\"https:\/\/schema.org\",\"@graph\":[{\"@type\":\"Article\",\"@id\":\"https:\/\/www.telkos.net\/meta-rrezikon-gjobe-nga-be-ja\/#article\",\"isPartOf\":{\"@id\":\"https:\/\/www.telkos.net\/meta-rrezikon-gjobe-nga-be-ja\/\"},\"author\":{\"name\":\"TelKos\",\"@id\":\"https:\/\/www.telkos.net\/#\/schema\/person\/6cccb1ea303e6dad4c15472450f9e980\"},\"headline\":\"Meta rrezikon gjob\u00eb nga BE-ja!\",\"datePublished\":\"2026-05-01T07:31:36+00:00\",\"mainEntityOfPage\":{\"@id\":\"https:\/\/www.telkos.net\/meta-rrezikon-gjobe-nga-be-ja\/\"},\"wordCount\":228,\"publisher\":{\"@id\":\"https:\/\/www.telkos.net\/#organization\"},\"image\":{\"@id\":\"https:\/\/www.telkos.net\/meta-rrezikon-gjobe-nga-be-ja\/#primaryimage\"},\"thumbnailUrl\":\"https:\/\/www.telkos.net\/wp-content\/uploads\/2026\/05\/feedzy-6QzjRf.svg\",\"articleSection\":[\"Njoftime\"],\"inLanguage\":\"en-US\"},{\"@type\":\"WebPage\",\"@id\":\"https:\/\/www.telkos.net\/meta-rrezikon-gjobe-nga-be-ja\/\",\"url\":\"https:\/\/www.telkos.net\/meta-rrezikon-gjobe-nga-be-ja\/\",\"name\":\"Meta rrezikon gjob\u00eb nga BE-ja! - Telkos.net\",\"isPartOf\":{\"@id\":\"https:\/\/www.telkos.net\/#website\"},\"primaryImageOfPage\":{\"@id\":\"https:\/\/www.telkos.net\/meta-rrezikon-gjobe-nga-be-ja\/#primaryimage\"},\"image\":{\"@id\":\"https:\/\/www.telkos.net\/meta-rrezikon-gjobe-nga-be-ja\/#primaryimage\"},\"thumbnailUrl\":\"https:\/\/www.telkos.net\/wp-content\/uploads\/2026\/05\/feedzy-6QzjRf.svg\",\"datePublished\":\"2026-05-01T07:31:36+00:00\",\"breadcrumb\":{\"@id\":\"https:\/\/www.telkos.net\/meta-rrezikon-gjobe-nga-be-ja\/#breadcrumb\"},\"inLanguage\":\"en-US\",\"potentialAction\":[{\"@type\":\"ReadAction\",\"target\":[\"https:\/\/www.telkos.net\/meta-rrezikon-gjobe-nga-be-ja\/\"]}]},{\"@type\":\"ImageObject\",\"inLanguage\":\"en-US\",\"@id\":\"https:\/\/www.telkos.net\/meta-rrezikon-gjobe-nga-be-ja\/#primaryimage\",\"url\":\"https:\/\/www.telkos.net\/wp-content\/uploads\/2026\/05\/feedzy-6QzjRf.svg\",\"contentUrl\":\"https:\/\/www.telkos.net\/wp-content\/uploads\/2026\/05\/feedzy-6QzjRf.svg\",\"width\":77,\"height\":77},{\"@type\":\"BreadcrumbList\",\"@id\":\"https:\/\/www.telkos.net\/meta-rrezikon-gjobe-nga-be-ja\/#breadcrumb\",\"itemListElement\":[{\"@type\":\"ListItem\",\"position\":1,\"name\":\"Home\",\"item\":\"https:\/\/www.telkos.net\/\"},{\"@type\":\"ListItem\",\"position\":2,\"name\":\"Meta rrezikon gjob\u00eb nga BE-ja!\"}]},{\"@type\":\"WebSite\",\"@id\":\"https:\/\/www.telkos.net\/#website\",\"url\":\"https:\/\/www.telkos.net\/\",\"name\":\"Telkos.net\",\"description\":\"\",\"publisher\":{\"@id\":\"https:\/\/www.telkos.net\/#organization\"},\"potentialAction\":[{\"@type\":\"SearchAction\",\"target\":{\"@type\":\"EntryPoint\",\"urlTemplate\":\"https:\/\/www.telkos.net\/?s={search_term_string}\"},\"query-input\":{\"@type\":\"PropertyValueSpecification\",\"valueRequired\":true,\"valueName\":\"search_term_string\"}}],\"inLanguage\":\"en-US\"},{\"@type\":\"Organization\",\"@id\":\"https:\/\/www.telkos.net\/#organization\",\"name\":\"Telkos.net\",\"url\":\"https:\/\/www.telkos.net\/\",\"logo\":{\"@type\":\"ImageObject\",\"inLanguage\":\"en-US\",\"@id\":\"https:\/\/www.telkos.net\/#\/schema\/logo\/image\/\",\"url\":\"https:\/\/www.telkos.net\/wp-content\/uploads\/2024\/08\/logo-telkos-per-web.png\",\"contentUrl\":\"https:\/\/www.telkos.net\/wp-content\/uploads\/2024\/08\/logo-telkos-per-web.png\",\"width\":1346,\"height\":744,\"caption\":\"Telkos.net\"},\"image\":{\"@id\":\"https:\/\/www.telkos.net\/#\/schema\/logo\/image\/\"}},{\"@type\":\"Person\",\"@id\":\"https:\/\/www.telkos.net\/#\/schema\/person\/6cccb1ea303e6dad4c15472450f9e980\",\"name\":\"TelKos\",\"url\":\"https:\/\/www.telkos.net\/en\/author\/rrezart\/\"}]}<\/script>\n<!-- \/ Yoast SEO plugin. -->","yoast_head_json":{"title":"Meta rrezikon gjob\u00eb nga BE-ja! - Telkos.net","robots":{"index":"index","follow":"follow","max-snippet":"max-snippet:-1","max-image-preview":"max-image-preview:large","max-video-preview":"max-video-preview:-1"},"canonical":"https:\/\/www.telkos.net\/en\/meta-rrezikon-gjobe-nga-be-ja\/","og_locale":"en_US","og_type":"article","og_title":"Meta rrezikon gjob\u00eb nga BE-ja! - Telkos.net","og_description":"eta po shkel ligjin e Bashkimit Evropian duke mos i penguar f\u00ebmij\u00ebt n\u00ebn 13 vje\u00e7 t\u00eb p\u00ebrdorin platformat e saj t\u00eb mediave sociale Instagram dhe Facebook, sipas nj\u00eb gjetjeje paraprake nga Komisioni Evropian dhe potencialisht mund t\u00eb p\u00ebrballet me nj\u00eb gjob\u00eb t\u00eb madhe. Kushtet e p\u00ebrgjithshme t\u00eb Met\u00ebs tregojn\u00eb se sh\u00ebrbimet e tyre nuk jan\u00eb [&hellip;]","og_url":"https:\/\/www.telkos.net\/en\/meta-rrezikon-gjobe-nga-be-ja\/","og_site_name":"Telkos.net","article_published_time":"2026-05-01T07:31:36+00:00","author":"TelKos","twitter_card":"summary_large_image","twitter_misc":{"Written by":"TelKos","Est. reading time":"1 minute"},"schema":{"@context":"https:\/\/schema.org","@graph":[{"@type":"Article","@id":"https:\/\/www.telkos.net\/meta-rrezikon-gjobe-nga-be-ja\/#article","isPartOf":{"@id":"https:\/\/www.telkos.net\/meta-rrezikon-gjobe-nga-be-ja\/"},"author":{"name":"TelKos","@id":"https:\/\/www.telkos.net\/#\/schema\/person\/6cccb1ea303e6dad4c15472450f9e980"},"headline":"Meta rrezikon gjob\u00eb nga BE-ja!","datePublished":"2026-05-01T07:31:36+00:00","mainEntityOfPage":{"@id":"https:\/\/www.telkos.net\/meta-rrezikon-gjobe-nga-be-ja\/"},"wordCount":228,"publisher":{"@id":"https:\/\/www.telkos.net\/#organization"},"image":{"@id":"https:\/\/www.telkos.net\/meta-rrezikon-gjobe-nga-be-ja\/#primaryimage"},"thumbnailUrl":"https:\/\/www.telkos.net\/wp-content\/uploads\/2026\/05\/feedzy-6QzjRf.svg","articleSection":["Njoftime"],"inLanguage":"en-US"},{"@type":"WebPage","@id":"https:\/\/www.telkos.net\/meta-rrezikon-gjobe-nga-be-ja\/","url":"https:\/\/www.telkos.net\/meta-rrezikon-gjobe-nga-be-ja\/","name":"Meta rrezikon gjob\u00eb nga BE-ja! - Telkos.net","isPartOf":{"@id":"https:\/\/www.telkos.net\/#website"},"primaryImageOfPage":{"@id":"https:\/\/www.telkos.net\/meta-rrezikon-gjobe-nga-be-ja\/#primaryimage"},"image":{"@id":"https:\/\/www.telkos.net\/meta-rrezikon-gjobe-nga-be-ja\/#primaryimage"},"thumbnailUrl":"https:\/\/www.telkos.net\/wp-content\/uploads\/2026\/05\/feedzy-6QzjRf.svg","datePublished":"2026-05-01T07:31:36+00:00","breadcrumb":{"@id":"https:\/\/www.telkos.net\/meta-rrezikon-gjobe-nga-be-ja\/#breadcrumb"},"inLanguage":"en-US","potentialAction":[{"@type":"ReadAction","target":["https:\/\/www.telkos.net\/meta-rrezikon-gjobe-nga-be-ja\/"]}]},{"@type":"ImageObject","inLanguage":"en-US","@id":"https:\/\/www.telkos.net\/meta-rrezikon-gjobe-nga-be-ja\/#primaryimage","url":"https:\/\/www.telkos.net\/wp-content\/uploads\/2026\/05\/feedzy-6QzjRf.svg","contentUrl":"https:\/\/www.telkos.net\/wp-content\/uploads\/2026\/05\/feedzy-6QzjRf.svg","width":77,"height":77},{"@type":"BreadcrumbList","@id":"https:\/\/www.telkos.net\/meta-rrezikon-gjobe-nga-be-ja\/#breadcrumb","itemListElement":[{"@type":"ListItem","position":1,"name":"Home","item":"https:\/\/www.telkos.net\/"},{"@type":"ListItem","position":2,"name":"Meta rrezikon gjob\u00eb nga BE-ja!"}]},{"@type":"WebSite","@id":"https:\/\/www.telkos.net\/#website","url":"https:\/\/www.telkos.net\/","name":"Telkos.net","description":"","publisher":{"@id":"https:\/\/www.telkos.net\/#organization"},"potentialAction":[{"@type":"SearchAction","target":{"@type":"EntryPoint","urlTemplate":"https:\/\/www.telkos.net\/?s={search_term_string}"},"query-input":{"@type":"PropertyValueSpecification","valueRequired":true,"valueName":"search_term_string"}}],"inLanguage":"en-US"},{"@type":"Organization","@id":"https:\/\/www.telkos.net\/#organization","name":"Telkos.net","url":"https:\/\/www.telkos.net\/","logo":{"@type":"ImageObject","inLanguage":"en-US","@id":"https:\/\/www.telkos.net\/#\/schema\/logo\/image\/","url":"https:\/\/www.telkos.net\/wp-content\/uploads\/2024\/08\/logo-telkos-per-web.png","contentUrl":"https:\/\/www.telkos.net\/wp-content\/uploads\/2024\/08\/logo-telkos-per-web.png","width":1346,"height":744,"caption":"Telkos.net"},"image":{"@id":"https:\/\/www.telkos.net\/#\/schema\/logo\/image\/"}},{"@type":"Person","@id":"https:\/\/www.telkos.net\/#\/schema\/person\/6cccb1ea303e6dad4c15472450f9e980","name":"TelKos","url":"https:\/\/www.telkos.net\/en\/author\/rrezart\/"}]}},"_links":{"self":[{"href":"https:\/\/www.telkos.net\/en\/wp-json\/wp\/v2\/posts\/5686","targetHints":{"allow":["GET"]}}],"collection":[{"href":"https:\/\/www.telkos.net\/en\/wp-json\/wp\/v2\/posts"}],"about":[{"href":"https:\/\/www.telkos.net\/en\/wp-json\/wp\/v2\/types\/post"}],"author":[{"embeddable":true,"href":"https:\/\/www.telkos.net\/en\/wp-json\/wp\/v2\/users\/2"}],"replies":[{"embeddable":true,"href":"https:\/\/www.telkos.net\/en\/wp-json\/wp\/v2\/comments?post=5686"}],"version-history":[{"count":0,"href":"https:\/\/www.telkos.net\/en\/wp-json\/wp\/v2\/posts\/5686\/revisions"}],"wp:featuredmedia":[{"embeddable":true,"href":"https:\/\/www.telkos.net\/en\/wp-json\/wp\/v2\/media\/5687"}],"wp:attachment":[{"href":"https:\/\/www.telkos.net\/en\/wp-json\/wp\/v2\/media?parent=5686"}],"wp:term":[{"taxonomy":"category","embeddable":true,"href":"https:\/\/www.telkos.net\/en\/wp-json\/wp\/v2\/categories?post=5686"},{"taxonomy":"post_tag","embeddable":true,"href":"https:\/\/www.telkos.net\/en\/wp-json\/wp\/v2\/tags?post=5686"}],"curies":[{"name":"wp","href":"https:\/\/api.w.org\/{rel}","templated":true}]}}