{"id":5669,"date":"2026-04-28T15:47:46","date_gmt":"2026-04-28T14:47:46","guid":{"rendered":"https:\/\/www.telkos.net\/be-sjell-rregulla-te-reja-nga-2027-perdoruesit-do-te-nderrojne-vete-baterine-e-telefonit\/"},"modified":"2026-04-28T15:47:46","modified_gmt":"2026-04-28T14:47:46","slug":"be-sjell-rregulla-te-reja-nga-2027-perdoruesit-do-te-nderrojne-vete-baterine-e-telefonit","status":"publish","type":"post","link":"https:\/\/www.telkos.net\/en\/be-sjell-rregulla-te-reja-nga-2027-perdoruesit-do-te-nderrojne-vete-baterine-e-telefonit\/","title":{"rendered":"BE sjell rregulla t\u00eb reja: Nga 2027 p\u00ebrdoruesit do t\u00eb nd\u00ebrrojn\u00eb vet\u00eb baterin\u00eb e telefonit"},"content":{"rendered":"<p>Bashkimi Evropian ka miratuar nj\u00eb paket\u00eb t\u00eb re rregullash q\u00eb ndryshon m\u00ebnyr\u00ebn e prodhimit t\u00eb telefonave inteligjent\u00eb n\u00eb tregun evropian.<\/p>\n<p>Rregulloret e reja, t\u00eb cilat do t\u00eb hyjn\u00eb n\u00eb fuqi gradualisht nga qershori 2025 deri n\u00eb shkurt 2027, jan\u00eb t\u00eb fokusuara te q\u00ebndrueshm\u00ebria dhe leht\u00ebsimi i riparimit t\u00eb pajisjeve.<\/p>\n<p>Sipas tyre, kompanit\u00eb do t\u00eb obligohen t\u00eb sigurojn\u00eb pjes\u00eb k\u00ebmbimi p\u00ebr nj\u00eb periudh\u00eb t\u00eb caktuar dhe t\u00eb mos kufizojn\u00eb riparimet nga servis\u00ebt e pavarur.<\/p>\n<p>Po ashtu, nga viti 2027 telefonat duhet t\u00eb dizajnohen n\u00eb m\u00ebnyr\u00eb q\u00eb p\u00ebrdoruesit t\u00eb mund ta nd\u00ebrrojn\u00eb vet\u00eb baterin\u00eb n\u00eb sht\u00ebpi me mjete t\u00eb thjeshta.<\/p>\n<p>Q\u00ebllimi i k\u00ebtyre masave \u00ebsht\u00eb zgjatja e jet\u00ebgjat\u00ebsis\u00eb s\u00eb pajisjeve dhe reduktimi i mbetjeve elektronike, duke ndikuar drejtp\u00ebrdrejt n\u00eb dizajnin e telefonave t\u00eb ardhsh\u00ebm.<\/p>\n<p>The post <a href=\"https:\/\/teve1.info\/be-sjell-rregulla-te-reja-nga-2027-perdoruesit-do-te-nderrojne-vete-baterine-e-telefonit\/\">BE sjell rregulla t\u00eb reja: Nga 2027 p\u00ebrdoruesit do t\u00eb nd\u00ebrrojn\u00eb vet\u00eb baterin\u00eb e telefonit<\/a> appeared first on <a href=\"https:\/\/teve1.info\/\">T\u00cbV\u00cb 1 &#8211; Lexoje t\u00eb v\u00ebrtet\u00ebn!<\/a>.<\/p>","protected":false},"excerpt":{"rendered":"<p>Bashkimi Evropian ka miratuar nj\u00eb paket\u00eb t\u00eb re rregullash q\u00eb ndryshon m\u00ebnyr\u00ebn e prodhimit t\u00eb telefonave inteligjent\u00eb n\u00eb tregun evropian. Rregulloret e reja, t\u00eb cilat do t\u00eb hyjn\u00eb n\u00eb fuqi gradualisht nga qershori 2025 deri n\u00eb shkurt 2027, jan\u00eb t\u00eb fokusuara te q\u00ebndrueshm\u00ebria dhe leht\u00ebsimi i riparimit t\u00eb pajisjeve. Sipas tyre, kompanit\u00eb do t\u00eb obligohen [&hellip;]<\/p>\n","protected":false},"author":2,"featured_media":0,"comment_status":"closed","ping_status":"closed","sticky":false,"template":"","format":"standard","meta":{"footnotes":""},"categories":[1],"tags":[],"class_list":["post-5669","post","type-post","status-publish","format-standard","hentry","category-njoftime"],"yoast_head":"<!-- This site is optimized with the Yoast SEO plugin v26.7 - https:\/\/yoast.com\/wordpress\/plugins\/seo\/ -->\n<title>BE sjell rregulla t\u00eb reja: Nga 2027 p\u00ebrdoruesit do t\u00eb nd\u00ebrrojn\u00eb vet\u00eb baterin\u00eb e telefonit - Telkos.net<\/title>\n<meta name=\"robots\" content=\"index, follow, max-snippet:-1, max-image-preview:large, max-video-preview:-1\" \/>\n<link rel=\"canonical\" href=\"https:\/\/www.telkos.net\/en\/be-sjell-rregulla-te-reja-nga-2027-perdoruesit-do-te-nderrojne-vete-baterine-e-telefonit\/\" \/>\n<meta property=\"og:locale\" content=\"en_US\" \/>\n<meta property=\"og:type\" content=\"article\" \/>\n<meta property=\"og:title\" content=\"BE sjell rregulla t\u00eb reja: Nga 2027 p\u00ebrdoruesit do t\u00eb nd\u00ebrrojn\u00eb vet\u00eb baterin\u00eb e telefonit - Telkos.net\" \/>\n<meta property=\"og:description\" content=\"Bashkimi Evropian ka miratuar nj\u00eb paket\u00eb t\u00eb re rregullash q\u00eb ndryshon m\u00ebnyr\u00ebn e prodhimit t\u00eb telefonave inteligjent\u00eb n\u00eb tregun evropian. Rregulloret e reja, t\u00eb cilat do t\u00eb hyjn\u00eb n\u00eb fuqi gradualisht nga qershori 2025 deri n\u00eb shkurt 2027, jan\u00eb t\u00eb fokusuara te q\u00ebndrueshm\u00ebria dhe leht\u00ebsimi i riparimit t\u00eb pajisjeve. Sipas tyre, kompanit\u00eb do t\u00eb obligohen [&hellip;]\" \/>\n<meta property=\"og:url\" content=\"https:\/\/www.telkos.net\/en\/be-sjell-rregulla-te-reja-nga-2027-perdoruesit-do-te-nderrojne-vete-baterine-e-telefonit\/\" \/>\n<meta property=\"og:site_name\" content=\"Telkos.net\" \/>\n<meta property=\"article:published_time\" content=\"2026-04-28T14:47:46+00:00\" \/>\n<meta name=\"author\" content=\"TelKos\" \/>\n<meta name=\"twitter:card\" content=\"summary_large_image\" \/>\n<meta name=\"twitter:label1\" content=\"Written by\" \/>\n\t<meta name=\"twitter:data1\" content=\"TelKos\" \/>\n\t<meta name=\"twitter:label2\" content=\"Est. reading time\" \/>\n\t<meta name=\"twitter:data2\" content=\"1 minute\" \/>\n<script type=\"application\/ld+json\" class=\"yoast-schema-graph\">{\"@context\":\"https:\/\/schema.org\",\"@graph\":[{\"@type\":\"Article\",\"@id\":\"https:\/\/www.telkos.net\/be-sjell-rregulla-te-reja-nga-2027-perdoruesit-do-te-nderrojne-vete-baterine-e-telefonit\/#article\",\"isPartOf\":{\"@id\":\"https:\/\/www.telkos.net\/be-sjell-rregulla-te-reja-nga-2027-perdoruesit-do-te-nderrojne-vete-baterine-e-telefonit\/\"},\"author\":{\"name\":\"TelKos\",\"@id\":\"https:\/\/www.telkos.net\/#\/schema\/person\/6cccb1ea303e6dad4c15472450f9e980\"},\"headline\":\"BE sjell rregulla t\u00eb reja: Nga 2027 p\u00ebrdoruesit do t\u00eb nd\u00ebrrojn\u00eb vet\u00eb baterin\u00eb e telefonit\",\"datePublished\":\"2026-04-28T14:47:46+00:00\",\"mainEntityOfPage\":{\"@id\":\"https:\/\/www.telkos.net\/be-sjell-rregulla-te-reja-nga-2027-perdoruesit-do-te-nderrojne-vete-baterine-e-telefonit\/\"},\"wordCount\":182,\"publisher\":{\"@id\":\"https:\/\/www.telkos.net\/#organization\"},\"articleSection\":[\"Njoftime\"],\"inLanguage\":\"en-US\"},{\"@type\":\"WebPage\",\"@id\":\"https:\/\/www.telkos.net\/be-sjell-rregulla-te-reja-nga-2027-perdoruesit-do-te-nderrojne-vete-baterine-e-telefonit\/\",\"url\":\"https:\/\/www.telkos.net\/be-sjell-rregulla-te-reja-nga-2027-perdoruesit-do-te-nderrojne-vete-baterine-e-telefonit\/\",\"name\":\"BE sjell rregulla t\u00eb reja: Nga 2027 p\u00ebrdoruesit do t\u00eb nd\u00ebrrojn\u00eb vet\u00eb baterin\u00eb e telefonit - Telkos.net\",\"isPartOf\":{\"@id\":\"https:\/\/www.telkos.net\/#website\"},\"datePublished\":\"2026-04-28T14:47:46+00:00\",\"breadcrumb\":{\"@id\":\"https:\/\/www.telkos.net\/be-sjell-rregulla-te-reja-nga-2027-perdoruesit-do-te-nderrojne-vete-baterine-e-telefonit\/#breadcrumb\"},\"inLanguage\":\"en-US\",\"potentialAction\":[{\"@type\":\"ReadAction\",\"target\":[\"https:\/\/www.telkos.net\/be-sjell-rregulla-te-reja-nga-2027-perdoruesit-do-te-nderrojne-vete-baterine-e-telefonit\/\"]}]},{\"@type\":\"BreadcrumbList\",\"@id\":\"https:\/\/www.telkos.net\/be-sjell-rregulla-te-reja-nga-2027-perdoruesit-do-te-nderrojne-vete-baterine-e-telefonit\/#breadcrumb\",\"itemListElement\":[{\"@type\":\"ListItem\",\"position\":1,\"name\":\"Home\",\"item\":\"https:\/\/www.telkos.net\/\"},{\"@type\":\"ListItem\",\"position\":2,\"name\":\"BE sjell rregulla t\u00eb reja: Nga 2027 p\u00ebrdoruesit do t\u00eb nd\u00ebrrojn\u00eb vet\u00eb baterin\u00eb e telefonit\"}]},{\"@type\":\"WebSite\",\"@id\":\"https:\/\/www.telkos.net\/#website\",\"url\":\"https:\/\/www.telkos.net\/\",\"name\":\"Telkos.net\",\"description\":\"\",\"publisher\":{\"@id\":\"https:\/\/www.telkos.net\/#organization\"},\"potentialAction\":[{\"@type\":\"SearchAction\",\"target\":{\"@type\":\"EntryPoint\",\"urlTemplate\":\"https:\/\/www.telkos.net\/?s={search_term_string}\"},\"query-input\":{\"@type\":\"PropertyValueSpecification\",\"valueRequired\":true,\"valueName\":\"search_term_string\"}}],\"inLanguage\":\"en-US\"},{\"@type\":\"Organization\",\"@id\":\"https:\/\/www.telkos.net\/#organization\",\"name\":\"Telkos.net\",\"url\":\"https:\/\/www.telkos.net\/\",\"logo\":{\"@type\":\"ImageObject\",\"inLanguage\":\"en-US\",\"@id\":\"https:\/\/www.telkos.net\/#\/schema\/logo\/image\/\",\"url\":\"https:\/\/www.telkos.net\/wp-content\/uploads\/2024\/08\/logo-telkos-per-web.png\",\"contentUrl\":\"https:\/\/www.telkos.net\/wp-content\/uploads\/2024\/08\/logo-telkos-per-web.png\",\"width\":1346,\"height\":744,\"caption\":\"Telkos.net\"},\"image\":{\"@id\":\"https:\/\/www.telkos.net\/#\/schema\/logo\/image\/\"}},{\"@type\":\"Person\",\"@id\":\"https:\/\/www.telkos.net\/#\/schema\/person\/6cccb1ea303e6dad4c15472450f9e980\",\"name\":\"TelKos\",\"url\":\"https:\/\/www.telkos.net\/en\/author\/rrezart\/\"}]}<\/script>\n<!-- \/ Yoast SEO plugin. -->","yoast_head_json":{"title":"BE sjell rregulla t\u00eb reja: Nga 2027 p\u00ebrdoruesit do t\u00eb nd\u00ebrrojn\u00eb vet\u00eb baterin\u00eb e telefonit - Telkos.net","robots":{"index":"index","follow":"follow","max-snippet":"max-snippet:-1","max-image-preview":"max-image-preview:large","max-video-preview":"max-video-preview:-1"},"canonical":"https:\/\/www.telkos.net\/en\/be-sjell-rregulla-te-reja-nga-2027-perdoruesit-do-te-nderrojne-vete-baterine-e-telefonit\/","og_locale":"en_US","og_type":"article","og_title":"BE sjell rregulla t\u00eb reja: Nga 2027 p\u00ebrdoruesit do t\u00eb nd\u00ebrrojn\u00eb vet\u00eb baterin\u00eb e telefonit - Telkos.net","og_description":"Bashkimi Evropian ka miratuar nj\u00eb paket\u00eb t\u00eb re rregullash q\u00eb ndryshon m\u00ebnyr\u00ebn e prodhimit t\u00eb telefonave inteligjent\u00eb n\u00eb tregun evropian. Rregulloret e reja, t\u00eb cilat do t\u00eb hyjn\u00eb n\u00eb fuqi gradualisht nga qershori 2025 deri n\u00eb shkurt 2027, jan\u00eb t\u00eb fokusuara te q\u00ebndrueshm\u00ebria dhe leht\u00ebsimi i riparimit t\u00eb pajisjeve. Sipas tyre, kompanit\u00eb do t\u00eb obligohen [&hellip;]","og_url":"https:\/\/www.telkos.net\/en\/be-sjell-rregulla-te-reja-nga-2027-perdoruesit-do-te-nderrojne-vete-baterine-e-telefonit\/","og_site_name":"Telkos.net","article_published_time":"2026-04-28T14:47:46+00:00","author":"TelKos","twitter_card":"summary_large_image","twitter_misc":{"Written by":"TelKos","Est. reading time":"1 minute"},"schema":{"@context":"https:\/\/schema.org","@graph":[{"@type":"Article","@id":"https:\/\/www.telkos.net\/be-sjell-rregulla-te-reja-nga-2027-perdoruesit-do-te-nderrojne-vete-baterine-e-telefonit\/#article","isPartOf":{"@id":"https:\/\/www.telkos.net\/be-sjell-rregulla-te-reja-nga-2027-perdoruesit-do-te-nderrojne-vete-baterine-e-telefonit\/"},"author":{"name":"TelKos","@id":"https:\/\/www.telkos.net\/#\/schema\/person\/6cccb1ea303e6dad4c15472450f9e980"},"headline":"BE sjell rregulla t\u00eb reja: Nga 2027 p\u00ebrdoruesit do t\u00eb nd\u00ebrrojn\u00eb vet\u00eb baterin\u00eb e telefonit","datePublished":"2026-04-28T14:47:46+00:00","mainEntityOfPage":{"@id":"https:\/\/www.telkos.net\/be-sjell-rregulla-te-reja-nga-2027-perdoruesit-do-te-nderrojne-vete-baterine-e-telefonit\/"},"wordCount":182,"publisher":{"@id":"https:\/\/www.telkos.net\/#organization"},"articleSection":["Njoftime"],"inLanguage":"en-US"},{"@type":"WebPage","@id":"https:\/\/www.telkos.net\/be-sjell-rregulla-te-reja-nga-2027-perdoruesit-do-te-nderrojne-vete-baterine-e-telefonit\/","url":"https:\/\/www.telkos.net\/be-sjell-rregulla-te-reja-nga-2027-perdoruesit-do-te-nderrojne-vete-baterine-e-telefonit\/","name":"BE sjell rregulla t\u00eb reja: Nga 2027 p\u00ebrdoruesit do t\u00eb nd\u00ebrrojn\u00eb vet\u00eb baterin\u00eb e telefonit - Telkos.net","isPartOf":{"@id":"https:\/\/www.telkos.net\/#website"},"datePublished":"2026-04-28T14:47:46+00:00","breadcrumb":{"@id":"https:\/\/www.telkos.net\/be-sjell-rregulla-te-reja-nga-2027-perdoruesit-do-te-nderrojne-vete-baterine-e-telefonit\/#breadcrumb"},"inLanguage":"en-US","potentialAction":[{"@type":"ReadAction","target":["https:\/\/www.telkos.net\/be-sjell-rregulla-te-reja-nga-2027-perdoruesit-do-te-nderrojne-vete-baterine-e-telefonit\/"]}]},{"@type":"BreadcrumbList","@id":"https:\/\/www.telkos.net\/be-sjell-rregulla-te-reja-nga-2027-perdoruesit-do-te-nderrojne-vete-baterine-e-telefonit\/#breadcrumb","itemListElement":[{"@type":"ListItem","position":1,"name":"Home","item":"https:\/\/www.telkos.net\/"},{"@type":"ListItem","position":2,"name":"BE sjell rregulla t\u00eb reja: Nga 2027 p\u00ebrdoruesit do t\u00eb nd\u00ebrrojn\u00eb vet\u00eb baterin\u00eb e telefonit"}]},{"@type":"WebSite","@id":"https:\/\/www.telkos.net\/#website","url":"https:\/\/www.telkos.net\/","name":"Telkos.net","description":"","publisher":{"@id":"https:\/\/www.telkos.net\/#organization"},"potentialAction":[{"@type":"SearchAction","target":{"@type":"EntryPoint","urlTemplate":"https:\/\/www.telkos.net\/?s={search_term_string}"},"query-input":{"@type":"PropertyValueSpecification","valueRequired":true,"valueName":"search_term_string"}}],"inLanguage":"en-US"},{"@type":"Organization","@id":"https:\/\/www.telkos.net\/#organization","name":"Telkos.net","url":"https:\/\/www.telkos.net\/","logo":{"@type":"ImageObject","inLanguage":"en-US","@id":"https:\/\/www.telkos.net\/#\/schema\/logo\/image\/","url":"https:\/\/www.telkos.net\/wp-content\/uploads\/2024\/08\/logo-telkos-per-web.png","contentUrl":"https:\/\/www.telkos.net\/wp-content\/uploads\/2024\/08\/logo-telkos-per-web.png","width":1346,"height":744,"caption":"Telkos.net"},"image":{"@id":"https:\/\/www.telkos.net\/#\/schema\/logo\/image\/"}},{"@type":"Person","@id":"https:\/\/www.telkos.net\/#\/schema\/person\/6cccb1ea303e6dad4c15472450f9e980","name":"TelKos","url":"https:\/\/www.telkos.net\/en\/author\/rrezart\/"}]}},"_links":{"self":[{"href":"https:\/\/www.telkos.net\/en\/wp-json\/wp\/v2\/posts\/5669","targetHints":{"allow":["GET"]}}],"collection":[{"href":"https:\/\/www.telkos.net\/en\/wp-json\/wp\/v2\/posts"}],"about":[{"href":"https:\/\/www.telkos.net\/en\/wp-json\/wp\/v2\/types\/post"}],"author":[{"embeddable":true,"href":"https:\/\/www.telkos.net\/en\/wp-json\/wp\/v2\/users\/2"}],"replies":[{"embeddable":true,"href":"https:\/\/www.telkos.net\/en\/wp-json\/wp\/v2\/comments?post=5669"}],"version-history":[{"count":0,"href":"https:\/\/www.telkos.net\/en\/wp-json\/wp\/v2\/posts\/5669\/revisions"}],"wp:attachment":[{"href":"https:\/\/www.telkos.net\/en\/wp-json\/wp\/v2\/media?parent=5669"}],"wp:term":[{"taxonomy":"category","embeddable":true,"href":"https:\/\/www.telkos.net\/en\/wp-json\/wp\/v2\/categories?post=5669"},{"taxonomy":"post_tag","embeddable":true,"href":"https:\/\/www.telkos.net\/en\/wp-json\/wp\/v2\/tags?post=5669"}],"curies":[{"name":"wp","href":"https:\/\/api.w.org\/{rel}","templated":true}]}}